{"id":93,"date":"2018-07-07T12:50:05","date_gmt":"2018-07-07T11:50:05","guid":{"rendered":"http:\/\/www.catman.info\/?p=93"},"modified":"2021-10-07T12:53:21","modified_gmt":"2021-10-07T11:53:21","slug":"rumunsko-2018-cast-2","status":"publish","type":"post","link":"http:\/\/www.catman.info\/?p=93","title":{"rendered":"Rumunsko 2018 \u010d\u00e1st 2."},"content":{"rendered":"\n<p><a href=\"https:\/\/www.v-strom4u.cz\/wp-content\/uploads\/2018\/09\/36222394_10209398032787125_4682868886540910592_o-1024x768.jpg\"><br><\/a><a href=\"https:\/\/www.v-strom4u.cz\/wp-content\/uploads\/2018\/09\/36222394_10209398032787125_4682868886540910592_o-1024x768.jpg\"><\/a><\/p>\n\n\n\n<p>Prvn\u00ed \u010d\u00e1st cestopisu<a href=\"\/?p=77\">\u00a0je zde<\/a><\/p>\n\n\n\n<p><strong>24.6.2018&nbsp; ned\u011ble<\/strong><\/p>\n\n\n\n<p>Vst\u00e1vat a cvi\u010dit\u2026proto\u017ee je r\u00e1no\u2026kr\u00e1sn\u00e9 slune\u010dn\u00e9 ned\u011bln\u00ed r\u00e1no. S Petrem va\u0159\u00edme kaf\u010do na pokoji v hotelu za sout\u011bskou Bicaz, n\u011bkte\u0159\u00ed \u0161li na hemenex dol\u016f do restaurace. Vyj\u00ed\u017ed\u00edme v 5 \u201eseniorech\u201c sm\u011br Sighisoara, junio\u0159i vyj\u00ed\u017ed\u00ed pozd\u011bji a jedou p\u0159\u00edmo sm\u011brem na Brasov, proto\u017ee cht\u011bj\u00ed vyrazit na ter\u00e9nn\u00ed v\u00fdlety po okol\u00ed.<\/p>\n\n\n\n<figure class=\"wp-block-image is-resized\"><img loading=\"lazy\" src=\"https:\/\/www.v-strom4u.cz\/wp-content\/uploads\/2018\/09\/35930092_10209395314319165_774257559790944256_o-1024x768.jpg\" alt=\"\" width=\"512\" height=\"384\"\/><\/figure>\n\n\n\n<p><a href=\"https:\/\/www.v-strom4u.cz\/wp-content\/uploads\/2018\/09\/35930092_10209395314319165_774257559790944256_o.jpg\"><\/a><\/p>\n\n\n\n<figure class=\"wp-block-image is-resized\"><img loading=\"lazy\" src=\"https:\/\/www.v-strom4u.cz\/wp-content\/uploads\/2018\/09\/36088400_10209395323959406_9044292224396820480_o-1024x768.jpg\" alt=\"\" width=\"512\" height=\"384\"\/><\/figure>\n\n\n\n<p><a href=\"https:\/\/www.v-strom4u.cz\/wp-content\/uploads\/2018\/09\/36088400_10209395323959406_9044292224396820480_o.jpg\"><\/a><\/p>\n\n\n\n<figure class=\"wp-block-image is-resized\"><img loading=\"lazy\" src=\"https:\/\/www.v-strom4u.cz\/wp-content\/uploads\/2018\/09\/36137485_10209395324999432_3316458713862111232_o-1024x768.jpg\" alt=\"\" width=\"512\" height=\"384\"\/><\/figure>\n\n\n\n<p><a href=\"https:\/\/www.v-strom4u.cz\/wp-content\/uploads\/2018\/09\/36137485_10209395324999432_3316458713862111232_o.jpg\"><\/a><\/p>\n\n\n\n<hr class=\"wp-block-separator\"\/>\n\n\n\n<p>Cestou na Sighisoaru &nbsp;jsme se zastavili u lomu, kde b\u00fdvala sope\u010dn\u00e1 aktivita, prota\u017een\u00ed a val\u00edme d\u00e1l st\u00e1le se m\u011bn\u00edc\u00ed krajinou. Dojeli jsme na p\u0159ehradn\u00ed hr\u00e1z, viditeln\u011b je zde m\u00e9n\u011b vody, ne\u017e bylo puvodn\u011b zam\u00fd\u0161leno. Va\u0159\u00edme kafe a s Petrem \u0161plh\u00e1me na st\u011bnu nad hr\u00e1z\u00ed. Ur\u010dit\u011b to mus\u00ed b\u00fdt n\u011b\u010d\u00edm zaj\u00edmav\u00e9, kdy\u017e je tam zak\u00e1zan\u00fd vstup&nbsp;<img alt=\"\ud83d\ude09\" src=\"https:\/\/s.w.org\/images\/core\/emoji\/13.1.0\/svg\/1f609.svg\" style=\"width: 20px;\">&nbsp; Nic zvl\u00e1\u0161tn\u00edho, jen v\u00fdhled\u2026ani ostraha p\u0159ehrady nevylezla z bar\u00e1ku vlevo\u2026<\/p>\n\n\n\n<figure class=\"wp-block-image is-resized\"><img loading=\"lazy\" src=\"https:\/\/www.v-strom4u.cz\/wp-content\/uploads\/2018\/09\/36034265_10209395333999657_7462371016690368512_o-1024x768.jpg\" alt=\"\" width=\"512\" height=\"384\"\/><\/figure>\n\n\n\n<p><a href=\"https:\/\/www.v-strom4u.cz\/wp-content\/uploads\/2018\/09\/36034265_10209395333999657_7462371016690368512_o.jpg\"><\/a><\/p>\n\n\n\n<figure class=\"wp-block-image is-resized\"><img loading=\"lazy\" src=\"https:\/\/www.v-strom4u.cz\/wp-content\/uploads\/2018\/09\/36088274_10209395325959456_4714016972919013376_o-1024x768.jpg\" alt=\"\" width=\"512\" height=\"384\"\/><\/figure>\n\n\n\n<p><a href=\"https:\/\/www.v-strom4u.cz\/wp-content\/uploads\/2018\/09\/36088274_10209395325959456_4714016972919013376_o.jpg\"><\/a><\/p>\n\n\n\n<hr class=\"wp-block-separator\"\/>\n\n\n\n<p>Cestou do Sighisoary jsme jeli oblasti, kde v obc\u00edch byl u mnoha dom\u016f ud\u011blan\u00fd vchod \u010di vjezd s d\u0159ev\u011bn\u00fdm vy\u0159ez\u00e1van\u00fdm nebo malovan\u00fdm port\u00e1lem. Moc p\u011bkn\u00e9, n\u011bkter\u00e9 skromn\u00e9 a hodn\u011b star\u00e9, jin\u00e9 o\u010dividn\u011b ned\u00e1vno vyroben\u00e9.<\/p>\n\n\n\n<figure class=\"wp-block-image is-resized\"><img loading=\"lazy\" src=\"https:\/\/www.v-strom4u.cz\/wp-content\/uploads\/2018\/09\/35162203_10209395370480569_4140821344948322304_o-1024x768.jpg\" alt=\"\" width=\"512\" height=\"384\"\/><\/figure>\n\n\n\n<p><a href=\"https:\/\/www.v-strom4u.cz\/wp-content\/uploads\/2018\/09\/35162203_10209395370480569_4140821344948322304_o.jpg\"><\/a><\/p>\n\n\n\n<figure class=\"wp-block-image is-resized\"><img loading=\"lazy\" src=\"https:\/\/www.v-strom4u.cz\/wp-content\/uploads\/2018\/09\/36044631_10209395347679999_4046280164051517440_o-1024x768.jpg\" alt=\"\" width=\"512\" height=\"384\"\/><\/figure>\n\n\n\n<p><a href=\"https:\/\/www.v-strom4u.cz\/wp-content\/uploads\/2018\/09\/36044631_10209395347679999_4046280164051517440_o.jpg\"><\/a><\/p>\n\n\n\n<figure class=\"wp-block-image is-resized\"><img loading=\"lazy\" src=\"https:\/\/www.v-strom4u.cz\/wp-content\/uploads\/2018\/09\/36199810_10209395371520595_2058978571191320576_o-1024x768.jpg\" alt=\"\" width=\"512\" height=\"384\"\/><\/figure>\n\n\n\n<p><a href=\"https:\/\/www.v-strom4u.cz\/wp-content\/uploads\/2018\/09\/36199810_10209395371520595_2058978571191320576_o.jpg\"><\/a><\/p>\n\n\n\n<figure class=\"wp-block-image is-resized\"><img loading=\"lazy\" src=\"https:\/\/www.v-strom4u.cz\/wp-content\/uploads\/2018\/09\/36200304_10209395374600672_1557931199723208704_o-1024x768.jpg\" alt=\"\" width=\"512\" height=\"384\"\/><\/figure>\n\n\n\n<p><a href=\"https:\/\/www.v-strom4u.cz\/wp-content\/uploads\/2018\/09\/36200304_10209395374600672_1557931199723208704_o.jpg\"><\/a><\/p>\n\n\n\n<hr class=\"wp-block-separator\"\/>\n\n\n\n<p>Hrad Sighisoara je NA KOPCI! nad m\u011bstem. Viditeln\u011b se \u00fadr\u017ebou nikdo moc nezab\u00fdv\u00e1. S ohledem na val\u00edc\u00ed se davy turist\u016f sm\u011brem nahoru jsme m\u011bli obavu ze statick\u00e9 stability stavby a z\u016fstali jsme v p\u016flce kopce v mali\u010dk\u00e9 restaura\u010dce. Odm\u011bnou bylo studen\u00e9 pivo, \u00fa\u017easn\u00e1 gul\u00e1\u0161ov\u00e1 pol\u00e9vka a v\u00fdhled na hrad i m\u011bsto.<\/p>\n\n\n\n<figure class=\"wp-block-image is-resized\"><img loading=\"lazy\" src=\"https:\/\/www.v-strom4u.cz\/wp-content\/uploads\/2018\/09\/36036771_10209395447562496_3988677883743698944_o-1024x768.jpg\" alt=\"\" width=\"512\" height=\"384\"\/><\/figure>\n\n\n\n<p><a href=\"https:\/\/www.v-strom4u.cz\/wp-content\/uploads\/2018\/09\/36036771_10209395447562496_3988677883743698944_o.jpg\"><\/a><\/p>\n\n\n\n<figure class=\"wp-block-image is-resized\"><img loading=\"lazy\" src=\"https:\/\/www.v-strom4u.cz\/wp-content\/uploads\/2018\/09\/36176416_10209395436882229_4097447445183594496_o-1024x768.jpg\" alt=\"\" width=\"512\" height=\"384\"\/><\/figure>\n\n\n\n<p><a href=\"https:\/\/www.v-strom4u.cz\/wp-content\/uploads\/2018\/09\/36176416_10209395436882229_4097447445183594496_o.jpg\"><\/a>Brambora u hradu Rupea\u2026kr\u00e1tk\u00e1 zast\u00e1vka a ma\u017eeme d\u00e1l.<\/p>\n\n\n\n<figure class=\"wp-block-image is-resized\"><img loading=\"lazy\" src=\"https:\/\/www.v-strom4u.cz\/wp-content\/uploads\/2018\/09\/36222816_10209395455322690_3262553129085829120_o-1024x768.jpg\" alt=\"\" width=\"512\" height=\"384\"\/><\/figure>\n\n\n\n<p><a href=\"https:\/\/www.v-strom4u.cz\/wp-content\/uploads\/2018\/09\/36222816_10209395455322690_3262553129085829120_o.jpg\"><\/a><\/p>\n\n\n\n<figure class=\"wp-block-image is-resized\"><img loading=\"lazy\" src=\"https:\/\/www.v-strom4u.cz\/wp-content\/uploads\/2018\/09\/36087894_10209395427161986_3712719702330441728_o-1024x768.jpg\" alt=\"\" width=\"512\" height=\"384\"\/><\/figure>\n\n\n\n<p><a href=\"https:\/\/www.v-strom4u.cz\/wp-content\/uploads\/2018\/09\/36087894_10209395427161986_3712719702330441728_o.jpg\"><\/a><\/p>\n\n\n\n<hr class=\"wp-block-separator\"\/>\n\n\n\n<p>Cestou z Sighisoary sm\u011brem naBrasov vid\u00edm v Google map\u00e1ch, ze&nbsp;<a href=\"https:\/\/www.facebook.com\/jan.m.kocourek?hc_location=ufi\">Jan Micinka Kocourek<\/a>&nbsp;je u\u017e n\u011bkde v kopc\u00edch nad Sinaia, jak bylo pl\u00e1nov\u00e1no. Za Brasovem jsme dojeli kolonu luf\u0165\u00e1k\u016f z jihu, kte\u0159\u00ed byli na v\u00edkend v hor\u00e1ch.<\/p>\n\n\n\n<p>Stoupeme serpentinami a bravurn\u011b ve&nbsp;vrace\u010dk\u00e1ch obj\u00ed\u017ed\u00edme stovky stoj\u00edc\u00edch nebo pl\u00ed\u017e\u00edc\u00edch se aut. Kolona je dlouh\u00e1 snad 15km, mozn\u00e1 i v\u00edc. Doj\u00ed\u017ed\u00edme ke k\u0159i\u0159ovatce, kde stoji policajt, usm\u011bje se, oto\u010d\u00ed a ignoruje na\u0161i j\u00edzdu po st\u0159edov\u00e9 \u010d\u00e1\u0159e. Auta v na\u0161em sm\u011bru i autobusy doprotivky bez probl\u00e9mu uh\u00fdbaj\u00ed ke stran\u00e1m a ned\u011blaj\u00ed probl\u00e9my jak \u0159idi\u010di v CZ\/SK, neuv\u011b\u0159iteln\u00e9\u2026&nbsp; V\u011bt\u0161ina z nich p\u0159itom byla z oblasti hlavn\u00edho m\u011bsta Bukure\u0161ti.&nbsp; Jin\u00fd kraj, jin\u00e1 mentalita.<\/p>\n\n\n\n<p>Z velk\u00e9ho centra Sinaia odbocime vpravo na silnici 71 a stoupame krasnymi serpentinami do hor az k odbocce do rezervace Bucegi. Kone\u010dn\u011b&nbsp; bo\u017e\u00ed&nbsp; klid\u2026 Varime kafe, oddych po napeti z kolony a vyrazime do kopcu po nove asfaltove cesticce \u010d. 713, uzke sotva pro auto a motorku s kufry&nbsp;<img alt=\"\ud83d\ude09\" src=\"https:\/\/s.w.org\/images\/core\/emoji\/13.1.0\/svg\/1f609.svg\" style=\"width: 20px;\"><\/p>\n\n\n\n<hr class=\"wp-block-separator\"\/>\n\n\n\n<p>V intercomu klukum ve srand\u011b \u0159\u00edk\u00e1m, \u017ee jedeme taaaam nahoooru na ty travnat\u00e9 vrcholky\u2026 Cesta se vine kolem st\u011bn kopc\u016f v hust\u00e9m lese, v zat\u00e1\u010dce \u010dek\u00e1 propadnut\u00e1 silnice&nbsp;:O&nbsp;a o p\u00e1r metr\u016f d\u00e1l z\u00e1syp kameny, spaden\u00fd strom atd. Nicm\u00e9n\u011b n\u00e1m nen\u00ed jasn\u00e9, pro\u010d byla dole cedule slep\u00e1 ulice a z\u00e1kaz vjezdu, kdy\u017e zde Rumuni hraj\u00ed na hon\u011bnou&nbsp;<img alt=\"\ud83d\ude1b\" src=\"https:\/\/s.w.org\/images\/core\/emoji\/13.1.0\/svg\/1f61b.svg\" style=\"width: 20px;\">&nbsp;.<br>Cesta vylezla z lesa a roz\u0161\u00ed\u0159ila se , z\u016fstala jen zelen\u00e1 tr\u00e1va, pasouc\u00ed se ovce a kr\u00e1sn\u00e9 vyhl\u00eddky do krajiny. Je kolem 17. hodiny a u horsk\u00e9 chaty Cabana Dichiu na parkovi\u0161ti kone\u010dn\u011b potk\u00e1v\u00e1me Honzu, Tom\u00e1\u0161e a Martina. Prost\u011b jsme dojeli t\u00e1\u00e1\u00e1\u00e1m nahooooru&nbsp;<img alt=\"\ud83d\ude42\" src=\"https:\/\/s.w.org\/images\/core\/emoji\/13.1.0\/svg\/1f642.svg\" style=\"width: 20px;\">&nbsp;Obla\u010dn\u00e1 v\u00fd\u0161ka, tr\u00e1va, ovce, ov\u010d\u00e1ck\u00fd pes s kamar\u00e1dy pasou ovce a ov\u010d\u00e1k si u karavanu klohn\u00ed pol\u00edvku.&nbsp; Vedle horsk\u00e9 chajdy je p\u00e1r st\u00e1nk\u016f s vynikaj\u00edc\u00edm s\u00fdrem, prosklen\u00e1 ledni\u010dka s Pepsi a nekone\u010dn\u00fd klid\u2026.<\/p>\n\n\n\n<figure class=\"wp-block-image is-resized\"><img loading=\"lazy\" src=\"https:\/\/www.v-strom4u.cz\/wp-content\/uploads\/2018\/09\/36114233_10209395545524945_8627938979485843456_o-1024x768.jpg\" alt=\"\" width=\"512\" height=\"384\"\/><\/figure>\n\n\n\n<p><a href=\"https:\/\/www.v-strom4u.cz\/wp-content\/uploads\/2018\/09\/36114233_10209395545524945_8627938979485843456_o.jpg\"><\/a><\/p>\n\n\n\n<figure class=\"wp-block-image is-resized\"><img loading=\"lazy\" src=\"https:\/\/www.v-strom4u.cz\/wp-content\/uploads\/2018\/09\/36455419_10209425966805458_5368935134064017408_o-1024x768.jpg\" alt=\"\" width=\"512\" height=\"384\"\/><\/figure>\n\n\n\n<p><a href=\"https:\/\/www.v-strom4u.cz\/wp-content\/uploads\/2018\/09\/36455419_10209425966805458_5368935134064017408_o.jpg\"><\/a><\/p>\n\n\n\n<figure class=\"wp-block-image is-resized\"><img loading=\"lazy\" src=\"https:\/\/www.v-strom4u.cz\/wp-content\/uploads\/2018\/09\/36533501_10209425963965387_7183922106432749568_o-1024x768.jpg\" alt=\"\" width=\"512\" height=\"384\"\/><\/figure>\n\n\n\n<p><a href=\"https:\/\/www.v-strom4u.cz\/wp-content\/uploads\/2018\/09\/36533501_10209425963965387_7183922106432749568_o.jpg\"><\/a><\/p>\n\n\n\n<figure class=\"wp-block-image is-resized\"><img loading=\"lazy\" src=\"https:\/\/www.v-strom4u.cz\/wp-content\/uploads\/2018\/09\/36408055_10209425965205418_8354174671662350336_o-1024x768.jpg\" alt=\"\" width=\"512\" height=\"384\"\/><\/figure>\n\n\n\n<p><a href=\"https:\/\/www.v-strom4u.cz\/wp-content\/uploads\/2018\/09\/36408055_10209425965205418_8354174671662350336_o.jpg\"><\/a><\/p>\n\n\n\n<hr class=\"wp-block-separator\"\/>\n\n\n\n<p>Kluci uz posk\u00e1kali kopce, my senio\u0159i vyr\u00e1\u017e\u00edme po 713b d\u00e1l do kopc\u016f.&nbsp;Asfaltka konci a my jedeme d\u00e1l po \u0161otolin\u011b k horsk\u00e9mu hotelu. Petr nev\u011b\u0159\u00edcn\u011b krout\u00ed hlavou, \u017ee mu jeho Honda CBF1000 je\u0161t\u011b&nbsp;nenakopala do zadku a jako silni\u010dn\u00ed stroj akceptuje i ter\u00e9n &nbsp;<img alt=\"\ud83d\ude00\" src=\"https:\/\/s.w.org\/images\/core\/emoji\/13.1.0\/svg\/1f600.svg\" style=\"width: 20px;\">&nbsp;Na\u0161e \u010dty\u0159i R1200GS zvl\u00e1daj\u00ed v pohod\u011b, i kdyz s tou bag\u00e1\u017e\u00ed to neni \u017e\u00e1dn\u00e1 hitpar\u00e1da.<\/p>\n\n\n\n<figure class=\"wp-block-image is-resized\"><img loading=\"lazy\" src=\"https:\/\/www.v-strom4u.cz\/wp-content\/uploads\/2018\/09\/36428591_10209425965925436_7296747237986533376_n.jpg\" alt=\"\" width=\"480\" height=\"360\"\/><\/figure>\n\n\n\n<p><a href=\"https:\/\/www.v-strom4u.cz\/wp-content\/uploads\/2018\/09\/36428591_10209425965925436_7296747237986533376_n.jpg\"><\/a><\/p>\n\n\n\n<figure class=\"wp-block-image is-resized\"><img loading=\"lazy\" src=\"https:\/\/www.v-strom4u.cz\/wp-content\/uploads\/2018\/09\/36137076_10209395570365566_3908006586764754944_o-1024x768.jpg\" alt=\"\" width=\"512\" height=\"384\"\/><\/figure>\n\n\n\n<p><a href=\"https:\/\/www.v-strom4u.cz\/wp-content\/uploads\/2018\/09\/36137076_10209395570365566_3908006586764754944_o.jpg\"><\/a><\/p>\n\n\n\n<hr class=\"wp-block-separator\"\/>\n\n\n\n<p>Vrac\u00edme se na asfalt a sj\u00ed\u017ed\u00edme dol\u016f do Sinaia a kolem stoj\u00edc\u00ed kolony sm\u011br Brasov,&nbsp;na k\u0159i\u017eovatce u zn\u00e1m\u00e9ho policajta odbo\u010dujeme na Rasnov a po asi 10km na noc z\u016fstav\u00e1me v hotelu ZADA. Majitel i recep\u010dn\u00ed jsou prima, v restauraci na n\u00e1s \u010dekaj\u00ed obrovsk\u00e9&nbsp;sklenice p\u00e1lenky. Za 70lei ubytko i sn\u00eddan\u011b \u2013 doporu\u010dujeme!!<\/p>\n\n\n\n<figure class=\"wp-block-image is-resized\"><img loading=\"lazy\" src=\"https:\/\/www.v-strom4u.cz\/wp-content\/uploads\/2018\/09\/35113976_10209395597766251_6391627848662122496_n.jpg\" alt=\"\" width=\"180\" height=\"240\"\/><\/figure>\n\n\n\n<p><a href=\"https:\/\/www.v-strom4u.cz\/wp-content\/uploads\/2018\/09\/35113976_10209395597766251_6391627848662122496_n.jpg\"><\/a><\/p>\n\n\n\n<hr class=\"wp-block-separator\"\/>\n\n\n\n<p><strong>25.6.2018 pond\u011bl\u00ed<\/strong><\/p>\n\n\n\n<p>Po vydatne snidani startujeme v pocinajicim slunecnem dni za dalsimi atrakcemi. Odbocujeme na silnici 73 a zastavujeme v mestecku Bran, kde je \u201edraculuv\u201c hrad. Myln\u011b je kn\u00ed\u017eeti Vladu \u201eDraculovi\u201c&nbsp; p\u0159isuzov\u00e1n v n\u011bjak\u00e9m rom\u00e1nu. Z n\u00e1v\u0161t\u011bvy nic nebude, v pond\u011bl\u00ed a\u017e od 12hod. Proch\u00e1z\u00edme alespo\u0148 m\u00edstn\u00ed tr\u017enici a vstupn\u00e9 utrat\u00edme za k\u00e1vu a birella.<\/p>\n\n\n\n<figure class=\"wp-block-image is-resized\"><img loading=\"lazy\" src=\"https:\/\/www.v-strom4u.cz\/wp-content\/uploads\/2018\/09\/36052016_10209396059497794_7191431328468828160_o-1024x768.jpg\" alt=\"\" width=\"512\" height=\"384\"\/><\/figure>\n\n\n\n<p><a href=\"https:\/\/www.v-strom4u.cz\/wp-content\/uploads\/2018\/09\/36052016_10209396059497794_7191431328468828160_o.jpg\"><\/a><\/p>\n\n\n\n<figure class=\"wp-block-image is-resized\"><img loading=\"lazy\" src=\"https:\/\/www.v-strom4u.cz\/wp-content\/uploads\/2018\/09\/36228117_10209396065537945_8896533211836841984_o-1024x768.jpg\" alt=\"\" width=\"512\" height=\"384\"\/><\/figure>\n\n\n\n<p><a href=\"https:\/\/www.v-strom4u.cz\/wp-content\/uploads\/2018\/09\/36228117_10209396065537945_8896533211836841984_o.jpg\"><\/a><\/p>\n\n\n\n<hr class=\"wp-block-separator\"\/>\n\n\n\n<figure class=\"wp-block-image is-resized\"><img loading=\"lazy\" src=\"https:\/\/www.v-strom4u.cz\/wp-content\/uploads\/2018\/09\/36063015_10209396071498094_2092804092937109504_o-1024x768.jpg\" alt=\"\" width=\"512\" height=\"384\"\/><\/figure>\n\n\n\n<p><a href=\"https:\/\/www.v-strom4u.cz\/wp-content\/uploads\/2018\/09\/36063015_10209396071498094_2092804092937109504_o.jpg\"><\/a><\/p>\n\n\n\n<figure class=\"wp-block-image is-resized\"><img loading=\"lazy\" src=\"https:\/\/www.v-strom4u.cz\/wp-content\/uploads\/2018\/09\/35963560_10209396084578421_1883473606042714112_o-1024x768.jpg\" alt=\"\" width=\"512\" height=\"384\"\/><\/figure>\n\n\n\n<p><a href=\"https:\/\/www.v-strom4u.cz\/wp-content\/uploads\/2018\/09\/35963560_10209396084578421_1883473606042714112_o.jpg\"><\/a><\/p>\n\n\n\n<hr class=\"wp-block-separator\"\/>\n\n\n\n<p>A s takovymi exoty cestujeme\u2026&nbsp;<a href=\"https:\/\/www.facebook.com\/jan.m.kocourek?hc_location=ufi\">Jan Micinka Kocourek<\/a>&nbsp;a&nbsp;&nbsp;<a href=\"https:\/\/www.facebook.com\/jiri.drabek.1238?hc_location=ufi\">Ji\u0159\u00ed Dr\u00e1bek&nbsp;<\/a>p\u0159i zkou\u0161en\u00ed br\u00fdl\u00ed<\/p>\n\n\n\n<hr class=\"wp-block-separator\"\/>\n\n\n\n<p>Vyjeli jsme je\u0161t\u011b asi 20km za Bran na JZ po silnici 73 v kr\u00e1sn\u00fdch serpentin\u00e1ch a horsk\u00fdch \u00fasec\u00edch, oto\u010dka a v\u0161echny ty serpentiny zase nazp\u011bt. Par\u00e1da&nbsp;<img alt=\"\ud83d\ude09\" src=\"https:\/\/s.w.org\/images\/core\/emoji\/13.1.0\/svg\/1f609.svg\" style=\"width: 20px;\">&nbsp; Rohlik jak cyp&nbsp;<img alt=\"\ud83d\ude00\" src=\"https:\/\/s.w.org\/images\/core\/emoji\/13.1.0\/svg\/1f600.svg\" style=\"width: 20px;\"><\/p>\n\n\n\n<p>\u017d\u00e1dn\u00e1 radost netrva v\u011b\u010dn\u011b, projel jsem kolem kr\u00e1vy, co se p\u00e1sla na mezi, ot\u00e1\u010dela hlavu,&nbsp;<a href=\"https:\/\/www.facebook.com\/petr.jergl.9?hc_location=ufi\">Petr Jergl<\/a>&nbsp;ji stihl objet a&nbsp;<a href=\"https:\/\/www.facebook.com\/jepta?hc_location=ufi\">Tom\u00e1\u0161 Holinka<\/a>&nbsp;ji trefil pravobokem&nbsp;:O. Te\u010de voda, tah\u00e1me n\u00e1\u0159ad\u00ed a dol\u00edvame vodu\u2026&nbsp;&nbsp;O p\u00e1r kilometru d\u00e1l zastavujeme znovu, proto\u017ee to ch\u010dije jak vodotrysk\u2026 Za chvili se vrac\u00ed i spla\u0161en\u00fd&nbsp;<a href=\"https:\/\/www.facebook.com\/rudolf.chytil.7?hc_location=ufi\">Rudolf Chytil<\/a>,&nbsp;<a href=\"https:\/\/www.facebook.com\/jan.m.kocourek?hc_location=ufi\">Jan Micinka Kocourek<\/a>&nbsp;a&nbsp;<a href=\"https:\/\/www.facebook.com\/martin.holek.90?hc_location=ufi\">Martin Holek<\/a>&nbsp;, kteri nehled\u00ed do zrc\u00e1tek a ujeli pry\u010d. S Tomem jsme zat\u00edm odstrojili chladi\u010d a zjistili drobn\u00e9 trhlinky. Tom\u00e1\u0161 m\u00e1 na\u0161t\u011bt\u00ed n\u011bjakou dvouslo\u017ekovou prysky\u0159ici, kterou p\u016fjde chladi\u010d zalepit. Mezit\u00edm vytahujeme va\u0159i\u010de a v autobusov\u00e9 zast\u00e1vce va\u0159\u00edme j\u00eddlo a pak vyr\u00e1\u017e\u00edme d\u00e1l sm\u011br m\u011bsto Fagaras. V Kauflandu doplnen\u00ed z\u00e1sob a pokra\u010dujeme k odbo\u010dce na pr\u016fsmyk Transfagarasan.<\/p>\n\n\n\n<figure class=\"wp-block-image is-resized\"><img loading=\"lazy\" src=\"https:\/\/www.v-strom4u.cz\/wp-content\/uploads\/2018\/09\/36222394_10209398032787125_4682868886540910592_o-1024x768.jpg\" alt=\"\" width=\"512\" height=\"384\"\/><\/figure>\n\n\n\n<p><a href=\"https:\/\/www.v-strom4u.cz\/wp-content\/uploads\/2018\/09\/36222394_10209398032787125_4682868886540910592_o.jpg\"><\/a><\/p>\n\n\n\n<figure class=\"wp-block-image is-resized\"><img loading=\"lazy\" src=\"https:\/\/www.v-strom4u.cz\/wp-content\/uploads\/2018\/09\/36088329_10209398030347064_6749091345278697472_o-1024x768.jpg\" alt=\"\" width=\"512\" height=\"384\"\/><\/figure>\n\n\n\n<p><a href=\"https:\/\/www.v-strom4u.cz\/wp-content\/uploads\/2018\/09\/36088329_10209398030347064_6749091345278697472_o.jpg\"><\/a><\/p>\n\n\n\n<figure class=\"wp-block-image is-resized\"><img loading=\"lazy\" src=\"https:\/\/www.v-strom4u.cz\/wp-content\/uploads\/2018\/09\/36222909_10209398035587195_5204817269678407680_o-1024x768.jpg\" alt=\"\" width=\"512\" height=\"384\"\/><\/figure>\n\n\n\n<p><a href=\"https:\/\/www.v-strom4u.cz\/wp-content\/uploads\/2018\/09\/36222909_10209398035587195_5204817269678407680_o.jpg\"><\/a><\/p>\n\n\n\n<figure class=\"wp-block-image is-resized\"><img loading=\"lazy\" src=\"https:\/\/www.v-strom4u.cz\/wp-content\/uploads\/2018\/09\/36063258_10209398063627896_417039958641999872_o-1024x768.jpg\" alt=\"\" width=\"512\" height=\"384\"\/><\/figure>\n\n\n\n<p><a href=\"https:\/\/www.v-strom4u.cz\/wp-content\/uploads\/2018\/09\/36063258_10209398063627896_417039958641999872_o.jpg\"><\/a><\/p>\n\n\n\n<hr class=\"wp-block-separator\"\/>\n\n\n\n<p>Ji\u017en\u00ed strana Transfagarase, kousek od opravdov\u00e9ho draculova hradu Poenari je p\u0159ehrada, kterou jsme obj\u00ed\u017ed\u011bli snad stovkou zat\u00e1\u010dek. Proto\u017ee jedu v \u010dele pelotonu, ud\u00e1v\u00e1m tempo s\u00e1m sob\u011b \u2013 jel jsem v t\u00e9 skororovin\u011b docela svi\u017en\u011b, v n\u011bkter\u00fdch vrace\u010dk\u00e1ch ale byl i p\u00edse\u010dek, kter\u00fd p\u00e1rkr\u00e1t docela klouzal. Olda se m\u011b dr\u017e\u00ed na dohled, a\u017e m\u00e1m strach, \u017ee p\u0159i tom doh\u00e1n\u011bn\u00ed n\u011bkde hod\u00ed tlamu, tak rad\u011bji trochu zvoln\u00edm. Doj\u00ed\u017ed\u00edme kone\u010dn\u011b a\u017e k hr\u00e1zi p\u0159ehrady.<\/p>\n\n\n\n<p>Plno \u010desk\u00fdch bikeru na hr\u00e1zi, se kter\u00fdmi se pozdrav\u00edme a okukujeme s \u010d\u00edm kdo drand\u00ed rumunsk\u00e9 cesty. P\u0159i odjezdu se na konci hr\u00e1ze projede tunelem vlevo a pak p\u00e1r zat\u00e1\u010dek a jsme pod hradem Poenari \u2013 to je ten prav\u00fd hrad Vlada Draculy. Projel jsem t\u00edm tunelem a najednou proti mn\u011b biker m\u00e1v\u00e1 a\u0165 zastav\u00edm, vyvalen\u00e9 o\u010diska jak kr\u00e1va p\u0159ed kopcem a vzru\u0161en\u011b kokt\u00e1 \u2026med..med\u2026medv\u011bd !!&nbsp; Pomali\u010dku popoj\u00ed\u017ed\u00edm vp\u0159ed, kluci za mnou opatrn\u011b v bezpe\u010dn\u00e9m odstupu pro p\u0159\u00edpadnou oto\u010dku a bez dr\u00e1\u017ed\u011bn\u00ed proj\u00ed\u017ed\u00edm zvolna pravoto\u010divou zat\u00e1\u010dku a na lev\u00e9 krajnici po \u0161utru poskakuje jedno nebo dv\u011b medv\u00ed\u010fata a vedle nich dohl\u00ed\u017e\u00ed m\u00e1ma medv\u011bdice.&nbsp; V\u0161ichni jsme bez zbyte\u010dn\u00e9ho hluku projeli a pak norm\u00e1ln\u011b pokra\u010dujeme dol\u016f.&nbsp; M\u00edj\u00edme kemp pod hradem, n\u011bjak\u00e9 restaurace a hotely a pokra\u010dujeme d\u00e1l.&nbsp; Kousek za Poenari je vesni\u010dka Corbeni, ubytujeme v prostorn\u00e9m pensionu Belvedere, j\u00eddlo naproti p\u0159es silnici v Pensiunea Arizona. V jednom va\u0159ili jen do 20hod (tam co jsme bydleli) a druh\u00fd m\u011bl naprd bydlen\u00ed, ale super krytou terasu s kr\u00e1sn\u00fdm v\u00fdhledem.&nbsp; Skromn\u00e1 ve\u010de\u0159e pro dva by dala zabrat asi i \u010dty\u0159em \u2026Tom\u00e1\u0161 ji pro jistotu spo\u0159\u00e1dal s\u00e1m, aby se v noci nevzbouzel hladem&nbsp;&nbsp;<img alt=\"\ud83d\ude09\" src=\"https:\/\/s.w.org\/images\/core\/emoji\/13.1.0\/svg\/1f609.svg\" style=\"width: 20px;\"><\/p>\n\n\n\n<figure class=\"wp-block-image is-resized\"><img loading=\"lazy\" src=\"https:\/\/www.v-strom4u.cz\/wp-content\/uploads\/2018\/09\/36310085_10209398232552119_1634930351203680256_o-1024x768.jpg\" alt=\"\" width=\"512\" height=\"384\"\/><\/figure>\n\n\n\n<p><a href=\"https:\/\/www.v-strom4u.cz\/wp-content\/uploads\/2018\/09\/36310085_10209398232552119_1634930351203680256_o.jpg\"><\/a><\/p>\n\n\n\n<figure class=\"wp-block-image is-resized\"><img loading=\"lazy\" src=\"https:\/\/www.v-strom4u.cz\/wp-content\/uploads\/2018\/09\/36233420_10209398239032281_6157373129678127104_o-1024x768.jpg\" alt=\"\" width=\"512\" height=\"384\"\/><\/figure>\n\n\n\n<p><a href=\"https:\/\/www.v-strom4u.cz\/wp-content\/uploads\/2018\/09\/36233420_10209398239032281_6157373129678127104_o.jpg\"><\/a><\/p>\n\n\n\n<figure class=\"wp-block-image is-resized\"><img loading=\"lazy\" src=\"https:\/\/www.v-strom4u.cz\/wp-content\/uploads\/2018\/09\/36188634_10209398240872327_2764367069125279744_n.jpg\" alt=\"\" width=\"360\" height=\"480\"\/><\/figure>\n\n\n\n<p><a href=\"https:\/\/www.v-strom4u.cz\/wp-content\/uploads\/2018\/09\/36188634_10209398240872327_2764367069125279744_n.jpg\"><\/a><\/p>\n\n\n\n<p>V\u00fdjezd na pr\u016fsmyk Transfagarasan, (video je na FB) b\u00edl\u00e1 KTM je Tom\u00e1\u0161 se \u017ev\u00fdka\u010dkou v chladi\u010di, na oran\u017eov\u00e9 KTM mast\u00ed&nbsp;<a href=\"https:\/\/www.facebook.com\/jan.m.kocourek?hc_location=ufi\">Jan Micinka Kocourek<\/a>.<\/p>\n\n\n\n<hr class=\"wp-block-separator\"\/>\n\n\n\n<p><strong>26.6. \u00fater\u00fd<\/strong><\/p>\n\n\n\n<p>R\u00e1no je na dvo\u0159e posn\u00eddali a vyrazili zdolat 1480 schodu na Dr\u00e1cul\u016fv hrad Poenari. Martina tahaly pracovn\u00ed povinnosti, tak\u017ee se rozlou\u010dil a vydal se na cestu dom\u016f s\u00e1m. Dole pod hradem te\u010de \u0159eka z p\u0159ehrady a po druh\u00e9 stran\u011b \u0161li ov\u010d\u00e1\u010dt\u00ed hafani na proch\u00e1zku s asi t\u0159istahlav\u00fdm st\u00e1dem ovc\u00ed a koz, ov\u010d\u00e1k se fl\u00e1kal n\u011bkde vzadu a balil si \u010dva\u0148ho&nbsp;<img alt=\"\ud83d\ude42\" src=\"https:\/\/s.w.org\/images\/core\/emoji\/13.1.0\/svg\/1f642.svg\" style=\"width: 20px;\"><\/p>\n\n\n\n<figure class=\"wp-block-image is-resized\"><img loading=\"lazy\" src=\"https:\/\/www.v-strom4u.cz\/wp-content\/uploads\/2018\/09\/36177461_10209401023701896_6148632415964233728_n.jpg\" alt=\"\" width=\"360\" height=\"480\"\/><\/figure>\n\n\n\n<p><a href=\"https:\/\/www.v-strom4u.cz\/wp-content\/uploads\/2018\/09\/36177461_10209401023701896_6148632415964233728_n.jpg\"><\/a><\/p>\n\n\n\n<figure class=\"wp-block-image is-resized\"><img loading=\"lazy\" src=\"https:\/\/www.v-strom4u.cz\/wp-content\/uploads\/2018\/09\/36229365_10209401022181858_5141145530566443008_n.jpg\" alt=\"\" width=\"360\" height=\"480\"\/><\/figure>\n\n\n\n<p><a href=\"https:\/\/www.v-strom4u.cz\/wp-content\/uploads\/2018\/09\/36229365_10209401022181858_5141145530566443008_n.jpg\"><\/a><\/p>\n\n\n\n<figure class=\"wp-block-image is-resized\"><img loading=\"lazy\" src=\"https:\/\/www.v-strom4u.cz\/wp-content\/uploads\/2018\/09\/36187929_10209401027862000_4672345172988657664_o-1024x768.jpg\" alt=\"\" width=\"512\" height=\"384\"\/><\/figure>\n\n\n\n<p><a href=\"https:\/\/www.v-strom4u.cz\/wp-content\/uploads\/2018\/09\/36187929_10209401027862000_4672345172988657664_o.jpg\"><\/a><\/p>\n\n\n\n<figure class=\"wp-block-image is-resized\"><img loading=\"lazy\" src=\"https:\/\/www.v-strom4u.cz\/wp-content\/uploads\/2018\/09\/36200227_10209401025821949_1336199574582198272_o-1024x768.jpg\" alt=\"\" width=\"512\" height=\"384\"\/><\/figure>\n\n\n\n<p><a href=\"https:\/\/www.v-strom4u.cz\/wp-content\/uploads\/2018\/09\/36200227_10209401025821949_1336199574582198272_o.jpg\"><\/a><\/p>\n\n\n\n<figure class=\"wp-block-image is-resized\"><img loading=\"lazy\" src=\"https:\/\/www.v-strom4u.cz\/wp-content\/uploads\/2018\/09\/36176932_10209401026301961_7480434145898790912_o-1024x768.jpg\" alt=\"\" width=\"512\" height=\"384\"\/><\/figure>\n\n\n\n<p><a href=\"https:\/\/www.v-strom4u.cz\/wp-content\/uploads\/2018\/09\/36176932_10209401026301961_7480434145898790912_o.jpg\"><\/a><\/p>\n\n\n\n<hr class=\"wp-block-separator\"\/>\n\n\n\n<p>Cestou na z\u00e1pad od ji\u017en\u00edho konce Transfagara\u0161e&nbsp; p\u0159ijedeme k&nbsp;pr\u016fmyslov\u00e9mu are\u00e1lu soln\u00fdch ml\u00fdn\u016f a soln\u00fd d\u016fl Ocnele Mari\u2026.za 20lei busem do vykutan\u00e9ho podzem\u00ed, kde si m\u016f\u017eou n\u00e1kla\u010f\u00e1ky hr\u00e1t na hon\u011bnou.<\/p>\n\n\n\n<p>Soln\u00fd d\u016fl, busy dol\u016f odj\u00ed\u017ed\u011bj\u00ed v celou hodinu. Zaj\u00edmav\u00e9. Dokonce i kaple pravoslavn\u00e9 c\u00edrkve a podzemn\u00ed restaurace s v\u00fdbornou k\u00e1vou, chlazen\u00fdm pivem a v\u00edno.<\/p>\n\n\n\n<figure class=\"wp-block-image is-resized\"><img loading=\"lazy\" src=\"https:\/\/www.v-strom4u.cz\/wp-content\/uploads\/2018\/09\/36228136_10209401462352862_6422770231323656192_o-1024x768.jpg\" alt=\"\" width=\"512\" height=\"384\"\/><\/figure>\n\n\n\n<p><a href=\"https:\/\/www.v-strom4u.cz\/wp-content\/uploads\/2018\/09\/36228136_10209401462352862_6422770231323656192_o.jpg\"><\/a><\/p>\n\n\n\n<figure class=\"wp-block-image is-resized\"><img loading=\"lazy\" src=\"https:\/\/www.v-strom4u.cz\/wp-content\/uploads\/2018\/09\/36200046_10209401461312836_605886810198900736_n.jpg\" alt=\"\" width=\"360\" height=\"480\"\/><\/figure>\n\n\n\n<p><a href=\"https:\/\/www.v-strom4u.cz\/wp-content\/uploads\/2018\/09\/36200046_10209401461312836_605886810198900736_n.jpg\"><\/a><\/p>\n\n\n\n<figure class=\"wp-block-image is-resized\"><img loading=\"lazy\" src=\"https:\/\/www.v-strom4u.cz\/wp-content\/uploads\/2018\/09\/36177294_10209401463472890_5031984813569998848_o-1024x768.jpg\" alt=\"\" width=\"512\" height=\"384\"\/><\/figure>\n\n\n\n<p><a href=\"https:\/\/www.v-strom4u.cz\/wp-content\/uploads\/2018\/09\/36177294_10209401463472890_5031984813569998848_o.jpg\"><\/a><\/p>\n\n\n\n<hr class=\"wp-block-separator\"\/>\n\n\n\n<p>Cestou sm\u011brem k Transalpina jsme zajeli k \u017eensk\u00e9mu kl\u00e1\u0161teru Horezu. N\u00e1dhern\u00fd komplex, postaven\u00fd v 16. stolet\u00ed. Nejmlad\u0161\u00ed sestra 25let, nejstar\u0161\u00ed 100let. \u00da\u017easn\u00e1 v\u00fdzdoba, motorky na parkovi\u0161ti u br\u00e1ny hl\u00eddala \u010distotn\u00e1 Milka&nbsp;<img alt=\"\ud83d\ude09\" src=\"https:\/\/s.w.org\/images\/core\/emoji\/13.1.0\/svg\/1f609.svg\" style=\"width: 20px;\"><\/p>\n\n\n\n<figure class=\"wp-block-image is-resized\"><img loading=\"lazy\" src=\"https:\/\/www.v-strom4u.cz\/wp-content\/uploads\/2018\/09\/36223529_10209401484913426_422434493400350720_o-1024x768.jpg\" alt=\"\" width=\"512\" height=\"384\"\/><\/figure>\n\n\n\n<p><a href=\"https:\/\/www.v-strom4u.cz\/wp-content\/uploads\/2018\/09\/36223529_10209401484913426_422434493400350720_o.jpg\"><\/a><\/p>\n\n\n\n<figure class=\"wp-block-image is-resized\"><img loading=\"lazy\" src=\"https:\/\/www.v-strom4u.cz\/wp-content\/uploads\/2018\/09\/36228125_10209401480153307_4121186502522699776_o-1024x768.jpg\" alt=\"\" width=\"512\" height=\"384\"\/><\/figure>\n\n\n\n<p><a href=\"https:\/\/www.v-strom4u.cz\/wp-content\/uploads\/2018\/09\/36228125_10209401480153307_4121186502522699776_o.jpg\"><\/a><\/p>\n\n\n\n<figure class=\"wp-block-image is-resized\"><img loading=\"lazy\" src=\"https:\/\/www.v-strom4u.cz\/wp-content\/uploads\/2018\/09\/36251055_10209401517314236_545005846346596352_o-1024x768.jpg\" alt=\"\" width=\"512\" height=\"384\"\/><\/figure>\n\n\n\n<p><a href=\"https:\/\/www.v-strom4u.cz\/wp-content\/uploads\/2018\/09\/36251055_10209401517314236_545005846346596352_o.jpg\"><\/a><\/p>\n\n\n\n<figure class=\"wp-block-image is-resized\"><img loading=\"lazy\" src=\"https:\/\/www.v-strom4u.cz\/wp-content\/uploads\/2018\/09\/36280466_10209401516714221_3210188458316267520_o-1024x768.jpg\" alt=\"\" width=\"512\" height=\"384\"\/><\/figure>\n\n\n\n<p><a href=\"https:\/\/www.v-strom4u.cz\/wp-content\/uploads\/2018\/09\/36280466_10209401516714221_3210188458316267520_o.jpg\"><\/a><\/p>\n\n\n\n<figure class=\"wp-block-image is-resized\"><img loading=\"lazy\" src=\"https:\/\/www.v-strom4u.cz\/wp-content\/uploads\/2018\/09\/36222945_10209401518354262_3402544920924258304_o-1024x768.jpg\" alt=\"\" width=\"512\" height=\"384\"\/><\/figure>\n\n\n\n<p><a href=\"https:\/\/www.v-strom4u.cz\/wp-content\/uploads\/2018\/09\/36222945_10209401518354262_3402544920924258304_o.jpg\"><\/a><\/p>\n\n\n\n<hr class=\"wp-block-separator\"\/>\n\n\n\n<p>V are\u00e1lu nen\u00ed probl\u00e9m, ale uvnit\u0159 kostela se nesm\u00ed fotit. Popov\u00eddal jsem si s \u0159\u00e1dovou sestrou, kter\u00e1 tam u vchodu prod\u00e1vala suven\u00fdry (english) a pak jsem si vevnit\u0159 v\u0161echno vyfotil. Pravoslavn\u00e9 kostely jsou velmi zdobn\u00e9, kr\u00e1sn\u011b malovan\u00e9 a perfektn\u011b udr\u017eovan\u00e9. Pokud se pod\u00edv\u00e1me do mapy, je podobn\u00fdch kl\u00e1\u0161ter\u016f velk\u00e9 mno\u017estv\u00ed, Rumunsko je velmi religiozn\u00ed zem\u011b.<\/p>\n\n\n\n<figure class=\"wp-block-image is-resized\"><img loading=\"lazy\" src=\"https:\/\/www.v-strom4u.cz\/wp-content\/uploads\/2018\/09\/36281707_10209401520074305_5731251557178015744_n.jpg\" alt=\"\" width=\"180\" height=\"240\"\/><\/figure>\n\n\n\n<p><a href=\"https:\/\/www.v-strom4u.cz\/wp-content\/uploads\/2018\/09\/36281707_10209401520074305_5731251557178015744_n.jpg\"><\/a><\/p>\n\n\n\n<figure class=\"wp-block-image is-resized\"><img loading=\"lazy\" src=\"https:\/\/www.v-strom4u.cz\/wp-content\/uploads\/2018\/09\/36257449_10209401522874375_2866298772047003648_n.jpg\" alt=\"\" width=\"180\" height=\"240\"\/><\/figure>\n\n\n\n<p><a href=\"https:\/\/www.v-strom4u.cz\/wp-content\/uploads\/2018\/09\/36257449_10209401522874375_2866298772047003648_n.jpg\"><\/a><\/p>\n\n\n\n<figure class=\"wp-block-image is-resized\"><img loading=\"lazy\" src=\"https:\/\/www.v-strom4u.cz\/wp-content\/uploads\/2018\/09\/36063130_10209401522234359_6074676948892647424_n.jpg\" alt=\"\" width=\"180\" height=\"240\"\/><\/figure>\n\n\n\n<p><a href=\"https:\/\/www.v-strom4u.cz\/wp-content\/uploads\/2018\/09\/36063130_10209401522234359_6074676948892647424_n.jpg\"><\/a><\/p>\n\n\n\n<hr class=\"wp-block-separator\"\/>\n\n\n\n<p>V Novaci na benz\u00ednce nad m\u011bstem \u00fapln\u011b na pat\u011b serpentin jsme natankovali, ekologicky namazali Petr\u016fv \u0159et\u011bz a vyrazili nahoru na Transalpina\u2026kr\u00e1sn\u00e1 silnice, ale ty kr\u00e1vy na silnici a jejich hovi\u0161a bych si klidne odpustil.<\/p>\n\n\n\n<p>Kdy\u017e jsme odpo\u010d\u00edvali, p\u0159ihnal se z pastvin mezi n\u00e1mi a m\u011bstem kr\u00e1sn\u00fd kon\u00edk\u2026cv\u00e1lal po planin\u011b a jak byl bl\u00ed\u017e, uvid\u011bli jsme, \u017ee za n\u00edm asi na dvacetimetrov\u00e9m lan\u011b , kter\u00fdm byl asi uv\u00e1zan\u00fd, vlaje asi dvoumetrov\u00e1 ty\u010d. Kon\u00edk prolet\u011bl p\u0159es silnici\u2026za n\u00edm \u0161pag\u00e1t\u2026ty\u010d \u2026a kousek za n\u00ed projelo n\u011bjak\u00e9 auto, co se rozj\u00ed\u017ed\u011blo z m\u011bsta nahoru do kopce. No, bylo to docela nat\u011bsno.<\/p>\n\n\n\n<p>Stoup\u00e1me serpentinami nahoru, porostu ub\u00fdv\u00e1, i t\u011bch kravsk\u00fdch scen\u00e9ri\u00ed je m\u00e9n\u011b. P\u0159ejezd horsk\u00fdm st\u0159ediskem R\u0103nca d\u00e1l na sever a do oblak\u2026. Na fotce R\u0103nca pod n\u00e1mi, \u0161koda, \u017ee silnice byla mokr\u00e1\u2026.<\/p>\n\n\n\n<figure class=\"wp-block-image is-resized\"><img loading=\"lazy\" src=\"https:\/\/www.v-strom4u.cz\/wp-content\/uploads\/2018\/09\/36277438_10209402825306935_6491105978501562368_o-1024x768.jpg\" alt=\"\" width=\"512\" height=\"384\"\/><\/figure>\n\n\n\n<p><a href=\"https:\/\/www.v-strom4u.cz\/wp-content\/uploads\/2018\/09\/36277438_10209402825306935_6491105978501562368_o.jpg\"><\/a><\/p>\n\n\n\n<figure class=\"wp-block-image is-resized\"><img loading=\"lazy\" src=\"https:\/\/www.v-strom4u.cz\/wp-content\/uploads\/2018\/09\/36284048_10209402828107005_4270335220470775808_o-1024x768.jpg\" alt=\"\" width=\"512\" height=\"384\"\/><\/figure>\n\n\n\n<p><a href=\"https:\/\/www.v-strom4u.cz\/wp-content\/uploads\/2018\/09\/36284048_10209402828107005_4270335220470775808_o.jpg\"><\/a><\/p>\n\n\n\n<figure class=\"wp-block-image is-resized\"><img loading=\"lazy\" src=\"https:\/\/www.v-strom4u.cz\/wp-content\/uploads\/2018\/09\/36228604_10209402829187032_2322342551283040256_o-1024x768.jpg\" alt=\"\" width=\"512\" height=\"384\"\/><\/figure>\n\n\n\n<p><a href=\"https:\/\/www.v-strom4u.cz\/wp-content\/uploads\/2018\/09\/36228604_10209402829187032_2322342551283040256_o.jpg\"><\/a><\/p>\n\n\n\n<p>Ve vrcholov\u00e9 \u010d\u00e1sti Transalpiny jsou jen travnatokamenit\u00e9 planiny, ale to nen\u00ed p\u0159ek\u00e1\u017ekou k tomu, aby se tam nezbudovaly z prk\u00fdnek a hader st\u00e1nky se suven\u00fdry, hned vedle silnice. T\u011bsn\u011b za vrcholem Transalpiny Olda Kyllar&nbsp;p\u00f3zuje na motorce, nem\u00e1 ru\u010dn\u00ed brzdu&nbsp;<img alt=\"\ud83d\ude09\" src=\"https:\/\/s.w.org\/images\/core\/emoji\/13.1.0\/svg\/1f609.svg\" style=\"width: 20px;\">&nbsp;. N\u011bkde po t\u011bch kopc\u00edch vlevo sj\u00ed\u017ed\u011bj\u00ed Cestu kr\u00e1l\u016f offroadem&nbsp;<a href=\"https:\/\/www.facebook.com\/jan.m.kocourek?hc_location=ufi\">Jan Micinka Kocourek<\/a>&nbsp;a&nbsp;<a href=\"https:\/\/www.facebook.com\/jepta?hc_location=ufi\">Tom\u00e1\u0161 Holinka<\/a>.<\/p>\n\n\n\n<p>Uprost\u0159ed horsk\u00fdch serpentin je rozs\u00e1hl\u00fd pastevecky t\u00e1bor \u2013 karavany, ter\u00e9nn\u00ed auta, plno ovc\u00ed.<\/p>\n\n\n\n<p>Sj\u00ed\u017ed\u00edme dol\u016f na k\u0159i\u017eovatku v osad\u011b&nbsp;Ob\u00e2r\u015fia Lotrului, ve st\u00e1nku d\u00e1v\u00e1me kafe a pok\u0159oup\u00e1me trochu oplatk\u016f \u010di lepe\u0148\u00e1k\u016f \u2013 ka\u017ed\u00fd, co mu zbylo. Pokec\u00e1me s partou \u010desk\u00fdch cestovatel\u016f na brambor\u00e1c\u00edch a Transalpech, sleduju, \u017ee na map\u011b se Honz\u016fv a Tom\u00e1\u0161\u016fv punt\u00edk pohybuje sm\u011brem k n\u00e1m. Pos\u00edl\u00e1m SMS, \u017ee pokra\u010dujeme na sever po DN67C naj\u00edt n\u011bjakou postel a vyr\u00e1\u017e\u00edme po skoro nov\u00e9 asfaltce d\u00e1l.<\/p>\n\n\n\n<figure class=\"wp-block-image is-resized\"><img loading=\"lazy\" src=\"https:\/\/www.v-strom4u.cz\/wp-content\/uploads\/2018\/09\/36278276_10209402838747271_4814724545736867840_o-1024x768.jpg\" alt=\"\" width=\"512\" height=\"384\"\/><\/figure>\n\n\n\n<p><a href=\"https:\/\/www.v-strom4u.cz\/wp-content\/uploads\/2018\/09\/36278276_10209402838747271_4814724545736867840_o.jpg\"><\/a><\/p>\n\n\n\n<figure class=\"wp-block-image is-resized\"><img loading=\"lazy\" src=\"https:\/\/www.v-strom4u.cz\/wp-content\/uploads\/2018\/09\/transalpina-1024x477.jpg\" alt=\"\" width=\"512\" height=\"239\"\/><\/figure>\n\n\n\n<p><a href=\"https:\/\/www.v-strom4u.cz\/wp-content\/uploads\/2018\/09\/transalpina.jpg\"><\/a><\/p>\n\n\n\n<figure class=\"wp-block-image is-resized\"><img loading=\"lazy\" src=\"https:\/\/www.v-strom4u.cz\/wp-content\/uploads\/2018\/09\/36223509_10209402843227383_7645431409133223936_o-1024x768.jpg\" alt=\"\" width=\"512\" height=\"384\"\/><\/figure>\n\n\n\n<p><a href=\"https:\/\/www.v-strom4u.cz\/wp-content\/uploads\/2018\/09\/36223509_10209402843227383_7645431409133223936_o.jpg\"><\/a><\/p>\n\n\n\n<hr class=\"wp-block-separator\"\/>\n\n\n\n<p>Zakotvili jsme v chati\u010dk\u00e1ch na b\u0159ehu jezera Cabana Oasa. Tom\u00e1\u0161 s&nbsp;Honzou jeli h\u0159ebenovou Cestu kr\u00e1l\u016f, tak ob\u010das na google maps sleduju nasd\u00edlenou polohu, kde se asi pohybuj\u00ed.&nbsp; U jezera je sign\u00e1l velmi \u0161patn\u00fd, tak\u017ee hon\u00edm ka\u017edou \u010d\u00e1re\u010dku. Kluci v 19:45 m\u00edstn\u00edho \u010dasu kone\u010dn\u011b dojeli.<\/p>\n\n\n\n<p>Dojela sem parta polsk\u00fdch \u010dty\u0159kolov\u00fdch offroadist\u016f\u2026je jich pln\u00e1 hospoda\u2026 U\u017e potm\u011b jdeme do chatky spole\u010dn\u011b s Honzou a Petrem sp\u00edme v jednom domku, druh\u00fd ob\u00fdv\u00e1 Olda s Jirkou a ve t\u0159et\u00edm je Tom\u00e1\u0161 s Rudou. V chatce je najednou ned\u00fdchatelno \u2013 Honza zul crossov\u00e9 boty a pavouk v rohu sbalil rodinu a ut\u00edkal ven do chladn\u00e9 noci. Honza \u0161el do sprchy, Petr utekl ven uva\u0159it si kafe a j\u00e1 jsem s pytl\u00edkem na rukou nabral fusky i boty a vynesl to ven. Petr m\u00e1lem vylil kafe, \u017ee se n\u011bjak nepoda\u0159ilo nebo co\u2026 V chatce jsem musel otev\u0159\u00edt okno a dve\u0159e a intenzivn\u011b vyv\u011btrat. Je\u0161t\u011b\u017ee se mi poda\u0159ilo p\u0159i p\u0159\u00edjezdu vydyndat z majitele teplomety, tak\u017ee se budka docela rychle znovu vytopila.&nbsp; Us\u00edn\u00e1me po kr\u00e1sn\u00e9m cestovn\u00edm dni.<\/p>\n\n\n\n<figure class=\"wp-block-image is-resized\"><img loading=\"lazy\" src=\"https:\/\/www.v-strom4u.cz\/wp-content\/uploads\/2018\/09\/36291412_10209403060392812_7712683424393199616_o-1024x768.jpg\" alt=\"\" width=\"512\" height=\"384\"\/><\/figure>\n\n\n\n<p><a href=\"https:\/\/www.v-strom4u.cz\/wp-content\/uploads\/2018\/09\/36291412_10209403060392812_7712683424393199616_o.jpg\"><\/a><\/p>\n\n\n\n<figure class=\"wp-block-image is-resized\"><img loading=\"lazy\" src=\"https:\/\/www.v-strom4u.cz\/wp-content\/uploads\/2018\/09\/36223163_10209403062672869_991930393592594432_o-1024x768.jpg\" alt=\"\" width=\"512\" height=\"384\"\/><\/figure>\n\n\n\n<p><a href=\"https:\/\/www.v-strom4u.cz\/wp-content\/uploads\/2018\/09\/36223163_10209403062672869_991930393592594432_o.jpg\"><\/a><\/p>\n\n\n\n<figure class=\"wp-block-image is-resized\"><img loading=\"lazy\" src=\"https:\/\/www.v-strom4u.cz\/wp-content\/uploads\/2018\/09\/36281312_10209403066592967_6968120576997064704_o-1024x768.jpg\" alt=\"\" width=\"256\" height=\"192\"\/><\/figure>\n\n\n\n<p><a href=\"https:\/\/www.v-strom4u.cz\/wp-content\/uploads\/2018\/09\/36281312_10209403066592967_6968120576997064704_o.jpg\"><\/a><\/p>\n\n\n\n<p><strong>27.6. 2018 st\u0159eda<\/strong><\/p>\n\n\n\n<p>Dal\u0161\u00ed den r\u00e1no vst\u00e1v\u00e1me v 6 hodin, abychom ujeli sr\u00e1\u017ekov\u00e9 front\u011b, kter\u00e1 se hrne od v\u00fdchodu. Startujeme po uva\u0159en\u00ed kafe cca v 7 a na konci hr\u00e1ze jezera Oaza odbo\u010dujeme vlevo na silnici 704, kter\u00e1 m\u00e1 v\u00e9st sm\u011br SSZ. Dop\u0159edu se prodral&nbsp;<a href=\"https:\/\/www.facebook.com\/jepta?hc_location=ufi\">Tom\u00e1\u0161 Holinka<\/a>&nbsp;a&nbsp;<a href=\"https:\/\/www.facebook.com\/jan.m.kocourek?hc_location=ufi\">Jan Micinka Kocourek<\/a>&nbsp;na sv\u00fdch KTM a miz\u00ed z dohledu, nesly\u0161\u00ed trouben\u00ed, proto\u017ee my ostatn\u00ed zastavujeme. V interkomu jsme po p\u00e1r stech metrech zhodnotili, \u017ee to nen\u00ed povrch, po kter\u00e9m bychom za mokra cht\u011bli pokra\u010dovat \u2013 d\u00edry, blat\u00ed\u010dko, lou\u017ee, mrholen\u00ed.<\/p>\n\n\n\n<p>Oto\u010dili jsme a vrac\u00edme se zp\u011bt na 67C a jedeme na sever sm\u011br Sebes. Cesta \u00fadol\u00edm kolem vody nen\u00ed nudn\u00e1, ale na vlhk\u00e9 silnici jedeme opatrn\u011b\u2026 st\u00e1le mrhol\u00ed\u2026&nbsp; Kluci n\u00e1s po n\u011bjak\u00e9 dob\u011b dojeli a zastavujeme u automatick\u00e9 benzinky na dotankov\u00e1n\u00ed n\u011bkter\u00fdch stroj\u016f.<\/p>\n\n\n\n<p>U Sebese naj\u00ed\u017ed\u00edme na d\u00e1lnici A1 a jedeme na z\u00e1pad sm\u011br Deva, kde sjedeme a pokra\u010dujeme na SSZ sm\u011br Oradea\u2026p\u0159estalo pr\u0161et. P\u0159ed m\u011bstem zastavujeme na benzince MOL, dopln\u00edme benz\u00edn za zbytky rumunsk\u00fdch \u010dmrdl\u00edk\u016f a jedeme k hranici do Ma\u010farska\u2026znovu pr\u0161\u00ed.<\/p>\n\n\n\n<p>Z Oradea a\u017e na \u010d\u00e1ru je kolona kamion\u016f \u2013 p\u0159edj\u00ed\u017ed\u00edme je pruhem pro motorky (ta b\u00edl\u00e1 \u010d\u00e1ra uprost\u0159ed) a doj\u00ed\u017ed\u00edme a\u017e k celnici, kde kontroluj\u00ed ob\u010danky. Projedeme, schov\u00e1me doklady pr\u00e1v\u011b v\u010das, za\u010dalo toti\u017e intenzivn\u011b chc\u00e1t\u2026&nbsp;<br>Po E79 doj\u00ed\u017ed\u00edme ke kruh\u00e1\u010di v m\u011bste\u010dku Beretty\u00f3\u00fajfalu, zastavujeme a ukryjeme se v boxech na myt\u00ed aut wapkou\u2026<a href=\"https:\/\/www.facebook.com\/pavel.kocourek.52?fref=ufi\">&nbsp;<\/a><\/p>\n\n\n\n<figure class=\"wp-block-image is-resized\"><img loading=\"lazy\" src=\"https:\/\/www.v-strom4u.cz\/wp-content\/uploads\/2018\/09\/36458624_10209417612916616_6949035550514872320_o-1024x768.jpg\" alt=\"\" width=\"512\" height=\"384\"\/><\/figure>\n\n\n\n<p><a href=\"https:\/\/www.v-strom4u.cz\/wp-content\/uploads\/2018\/09\/36458624_10209417612916616_6949035550514872320_o.jpg\"><\/a><\/p>\n\n\n\n<hr class=\"wp-block-separator\"\/>\n\n\n\n<p>Po kr\u00e1tk\u00e9 porad\u011b (\u017ee po\u010das\u00ed stoj\u00ed za hovi\u0161o) jsme zaplatili poplatek na d\u00e1lnici (1470HUF na 10dn\u00ed), kter\u00fd je registrovan\u00fd na registra\u010dku vozidla s t\u00edm, \u017ee jedeme sm\u011br Miskolc, p\u0159esp\u00edme v term\u00e1lech a r\u00e1no sjedeme \u00fasek Miskolc-Eger a pojedeme sm\u011br Slovensk\u00fd term\u00e1l a dal\u0161\u00ed den dom\u016f.<\/p>\n\n\n\n<p>Ujeli jsme asi 15km, kdy\u017e Petr v intercomu poznamenal, \u017ee je zde odbo\u010dka do Hajd\u00faszoboszl\u00f3, kde jsou term\u00e1ly, kter\u00e9 p\u016fvodn\u011b navrhoval k nav\u0161t\u00edven\u00ed\u2026 zastavujeme za vesnic\u00ed, kr\u00e1tk\u00e1 porada prom\u00e1\u010den\u00fdch chlap\u016f, m\u011bn\u00edme pl\u00e1ny, ot\u00e1\u010d\u00edme a za chv\u00edli jsme p\u0159ed vchodem do term\u00e1l\u016f \u2013 zav\u00edra\u010dka je v 19, aktu\u00e1ln\u00ed \u010das je 16:40 \u2026vpadnul jsem do nejbli\u017e\u0161\u00edho hotel\/penzion Jarja\u2026maj\u00ed penzion za rozumn\u00fd pan\u00edz asi 800m od l\u00e1zn\u00ed. Bal\u00edm kl\u00ed\u010de, \u017ee se zaregistrujeme cestou z l\u00e1zn\u00ed a ma\u017eeme na penzion.<\/p>\n\n\n\n<p>Ve dvo\u0159e zaparkoval Jirka, Olda a Honza, ostatn\u00ed nechali stroje venku, \u017ee se jen vybal\u00edme a let\u00edme se koupat.,,, K l\u00e1zn\u00edm dojelo 5 magor\u016f v \u0161ortk\u00e1ch, Crocsech a zelen\u00fdch bund\u00e1ch, zamkli motorky a vzali l\u00e1zn\u011b \u00fatokem&nbsp;<img alt=\"\ud83d\ude42\" src=\"https:\/\/s.w.org\/images\/core\/emoji\/13.1.0\/svg\/1f642.svg\" style=\"width: 20px;\"><br>Hork\u00e1 voda, dv\u011b hodinky odpo\u010dinku, to zaslou\u017e\u00ed doplnit\u2026.oble\u010deme se a jdeme na recepci hotelu zaplatit nocleh, pak za rohem kupujeme gyros v tortile a to\u010denou Plze\u0148 a pak se hrneme zp\u011bt na penzion.<br>Na dvo\u0159e p\u0159ibylo p\u00e1r motorek kluk\u016f z Ostravska, jedou dol\u016f sm\u011br Chorvatsko s p\u0159edpov\u011bd\u00ed de\u0161t\u011b na 3 dny&nbsp;:O<\/p>\n\n\n\n<p>P\u0159ed odjezdem do term\u00e1l\u016f jsem na\u0161el v koteln\u011b zav\u0159en\u00fd kohoutek topen\u00ed\u2026.u\u017e p\u0159ed odjezdem za\u010daly radi\u00e1tory topit&nbsp;20&nbsp;<img alt=\"\ud83d\ude1b\" src=\"https:\/\/s.w.org\/images\/core\/emoji\/13.1.0\/svg\/1f61b.svg\" style=\"width: 20px;\">&nbsp;a p\u0159i p\u0159\u00edjezdu bylo v bar\u00e1ku asi 24\u00b0C \u2026SU\u0160\u00cdME !!! Nepr\u0161\u00ed \u2013 zajdeme je\u0161t\u011b nedaleko na jedno pivo a us\u00edn\u00e1me hlubok\u00fdm sp\u00e1nkem\u2026<\/p>\n\n\n\n<p><strong>28.6. \u010dtvrtek<\/strong><\/p>\n\n\n\n<p>R\u00e1no sn\u00eddan\u011b v kuchy\u0148ce, bal\u00edme kr\u00e1my a najednou oznamuj\u00ed skoro v\u0161ichni, \u017ee jedou dom\u016f, proto\u017ee doma nepr\u0161\u00ed&nbsp;:O Nepom\u016f\u017ee ani informace, \u017ee fronta odejde a \u017ee bude odpoledne a poz\u00edt\u0159\u00ed p\u011bkn\u011b\u2026:(<br>Nakonec jen j\u00e1 a&nbsp;<a href=\"https:\/\/www.facebook.com\/petr.jergl.9?hc_location=ufi\">Petr Jergl<\/a>&nbsp;jedeme podle p\u016fvodn\u00edho pl\u00e1nu na&nbsp;dva dny odpo\u010dinku. Kluci odj\u00ed\u017ed\u00ed, p\u0159ejeme jim dobr\u00fd dojezd a plechovou zadnici \u2026\u010dek\u00e1 je 630km dom\u016f. S v\u011bdom\u00edm, \u017ee necht\u011bli jet v\u00edc jak 300km za den a najednou jedou v\u00edc jak dvojn\u00e1sobek, je n\u00e1m to trochu divn\u00e9&nbsp;:\/\u2026co u\u017e nad\u011bl\u00e1me\u2026<\/p>\n\n\n\n<p>Sed\u00e1me s Petrem na motorky, lou\u010d\u00edme se s Ostrav\u00e1ky a jedeme sm\u011br Szolnok \u2013 Budape\u0161\u0165. Kr\u00e1sn\u00e9 po\u010das\u00ed je odm\u011bnou\u2026 Na jedn\u00e9 benzince nedaleko p\u0159ed Budape\u0161t\u00ed jsme narazili na Honzu a Tom\u00e1\u0161e \u2026Honzovi jsem dal trochu oleje do motoru, aby byl v klidu a vyr\u00e1\u017eej\u00ed. My jsme si dali kafe a koblih a jedeme taky na Budape\u0161\u0165.<br>Cesta docela ub\u00edh\u00e1, bav\u00edme se p\u0159edj\u00ed\u017ed\u011bn\u00edm, proto\u017ee cesty tam maluj\u00ed podle prav\u00edtka a kopce jsou akor\u00e1t kdy\u017e silnice jede na most nad \u017eeleznic\u00ed&nbsp;<img alt=\"\ud83d\ude41\" src=\"https:\/\/s.w.org\/images\/core\/emoji\/13.1.0\/svg\/1f641.svg\" style=\"width: 20px;\">&nbsp;. Kousek p\u0159ed leti\u0161t\u011bm jedou proti n\u00e1m dva bike\u0159i a m\u00e1vaj\u00ed, a\u0165 zpomal\u00edme\u2026a\u017e se m\u00edj\u00edme a zdrav\u00edme, zjist\u00edme, \u017ee jsou to motorkov\u00ed policajti&nbsp;<img alt=\"\ud83d\ude42\" src=\"https:\/\/s.w.org\/images\/core\/emoji\/13.1.0\/svg\/1f642.svg\" style=\"width: 20px;\">&nbsp;Po cca kilometru m\u00edj\u00edme u silnice v&nbsp;na\u0161em sm\u011bru radar\u2026.D\u00edky, kluci&nbsp;(y)<br>Nad hlavou n\u00e1m startuj\u00ed a p\u0159ist\u00e1vaj\u00ed letadla z nedalek\u00e9ho budape\u0161\u0165sk\u00e9ho leti\u0161t\u011b a my vj\u00ed\u017ed\u00edme do m\u011bsta. Naj\u00ed\u017ed\u00edme na hlavn\u00ed metropolitn\u00ed ulici \u2013 R\u00e1koczi utca \u2013 a suneme se sm\u011brem k Dunaji. Za mostem vpravo, serpentinami do kopce, bereme parkovac\u00ed l\u00edstek a vj\u00ed\u017ed\u00edme na n\u00e1m\u011bst\u00ed na parkovi\u0161t\u011b. Lankem jsem zamknul bundy a helmy a jdeme na asi 500m vzd\u00e1lenou ryb\u00e1\u0159skou ba\u0161tu \u201eHal\u00e1szbastya\u201c a Maty\u00e1\u0161\u016fv d\u00f3m. Kr\u00e1sn\u00e9 stavby, b\u00e1je\u010dn\u00fd v\u00fdhled na m\u011bsto.<\/p>\n\n\n\n<figure class=\"wp-block-image is-resized\"><img loading=\"lazy\" src=\"https:\/\/www.v-strom4u.cz\/wp-content\/uploads\/2018\/09\/36395291_10209417756160197_175856499631849472_o-1024x768.jpg\" alt=\"\" width=\"256\" height=\"192\"\/><\/figure>\n\n\n\n<p><a href=\"https:\/\/www.v-strom4u.cz\/wp-content\/uploads\/2018\/09\/36395291_10209417756160197_175856499631849472_o.jpg\"><\/a><\/p>\n\n\n\n<figure class=\"wp-block-image is-resized\"><img loading=\"lazy\" src=\"https:\/\/www.v-strom4u.cz\/wp-content\/uploads\/2018\/09\/36338195_10209417753560132_8665201093543723008_o-1024x768.jpg\" alt=\"\" width=\"256\" height=\"192\"\/><\/figure>\n\n\n\n<p><a href=\"https:\/\/www.v-strom4u.cz\/wp-content\/uploads\/2018\/09\/36338195_10209417753560132_8665201093543723008_o.jpg\"><\/a><\/p>\n\n\n\n<figure class=\"wp-block-image is-resized\"><img loading=\"lazy\" src=\"https:\/\/www.v-strom4u.cz\/wp-content\/uploads\/2018\/09\/36376833_10209417754840164_6465050391896653824_n.jpg\" alt=\"\" width=\"180\" height=\"240\"\/><\/figure>\n\n\n\n<p><a href=\"https:\/\/www.v-strom4u.cz\/wp-content\/uploads\/2018\/09\/36376833_10209417754840164_6465050391896653824_n.jpg\"><\/a><\/p>\n\n\n\n<hr class=\"wp-block-separator\"\/>\n\n\n\n<p>P\u0159i v\u00fdjezdu plat\u00edm 390HUF za 50min st\u00e1n\u00ed a sj\u00ed\u017ed\u00edme z kopce dol\u016f, sm\u011brujeme sm\u011br Tatab\u00e1nya \u2013 Gy\u00f6r po d\u00e1lni\u010dn\u00ed v\u00fdpadovce. Je to jednodu\u0161\u0161\u00ed, jak opustit metropoli.<\/p>\n\n\n\n<p>Asi po 15km sj\u00ed\u017ed\u00edme z d\u00e1lnice a jedeme kocha\u010dku po silnici \u010d. 1 do Tatab\u00e1nye a vyj\u00ed\u017ed\u00edme nad m\u011bsto k Turul Monument = obrovsk\u00e1 orlice, kter\u00e1 je pr\u00fd mytologick\u00fdm objektem n\u011bjak\u00fdch n\u00e1rodn\u00edch pov\u011bst\u00ed, \u010di co\u2026 Odpo\u010dinek v parku pod stromy, nased\u00e1me a jedeme sm\u011br Kom\u00e1rno a c\u00edlem jsou term\u00e1ly&nbsp;&nbsp;Velk\u00fd Meder.&nbsp;&nbsp;P\u0159edj\u00ed\u017ed\u00edm del\u0161\u00ed kolonu aut, v\u010das se za\u0159ad\u00edm do sv\u00e9ho pruhu a asi po 1km najednou kuc..kuc..brrrrrm\u2026a ticho. Setrva\u010dnost\u00ed dojedu na odstavnou plochua jen tak si \u0159\u00edk\u00e1m, \u017ee n\u011bkdo naho\u0159e mi pomohl a benz\u00edn nedo\u0161el p\u0159i tom p\u0159edj\u00ed\u017ed\u011bn\u00ed\u2026 Dol\u00edv\u00e1m 2l z kanystru by Marselus Marselus a doj\u00ed\u017ed\u00edme k OMV na okraji V.Mederu.<\/p>\n\n\n\n<p>NO, co na to \u0159\u00edct\u2026j\u00e1 blbec jsem si neuv\u011bdomil, \u017ee jsem dotankoval necelou n\u00e1dr\u017e, proto\u017ee jsem m\u011bl jen zbytek rumunsk\u00fdch RON\u016f. Dojezd tedy nebyl p\u0159es 500km a&nbsp;nav\u00edc jsme za to na rovink\u00e1ch tak tro\u0161i\u010dku tahali, tak\u017ee to nevy\u0161lo dle odhad\u016f&nbsp;<img alt=\"\ud83d\ude1b\" src=\"https:\/\/s.w.org\/images\/core\/emoji\/13.1.0\/svg\/1f61b.svg\" style=\"width: 20px;\"><\/p>\n\n\n\n<p>Dojeli jsme do Mederu ke zn\u00e1m\u00e9mu Joszefovi, m\u011bl volno, tak\u017ee bereme oble\u010den\u00ed z kufru, p\u0159evle\u010deme se a mast\u00edme do 200m vzd\u00e1len\u00e9ho term\u00e1lu.&nbsp;Klob\u00e1ska, pivo, hork\u00e1 voda, sp\u00e1nek\u2026par\u00e1\u00e1\u00e1da&nbsp;<img alt=\"\ud83d\ude42\" src=\"https:\/\/s.w.org\/images\/core\/emoji\/13.1.0\/svg\/1f642.svg\" style=\"width: 20px;\"><\/p>\n\n\n\n<p>Po v\u00fdlezu z term\u00e1lu ve 21:00 sledujeme druhou p\u016fli MS ve fotbalu, kdy\u017e Angl\u00e1ni dostali latu od Belgie, jdeme na penzion a sp\u00edme a\u017e do r\u00e1na jak d\u0159eva.<\/p>\n\n\n\n<figure class=\"wp-block-image is-resized\"><img loading=\"lazy\" src=\"https:\/\/www.v-strom4u.cz\/wp-content\/uploads\/2018\/09\/36384653_10209417870323051_8201444255932088320_o-1024x768.jpg\" alt=\"\" width=\"256\" height=\"192\"\/><\/figure>\n\n\n\n<p><a href=\"https:\/\/www.v-strom4u.cz\/wp-content\/uploads\/2018\/09\/36384653_10209417870323051_8201444255932088320_o.jpg\"><\/a><\/p>\n\n\n\n<figure class=\"wp-block-image is-resized\"><img loading=\"lazy\" src=\"https:\/\/www.v-strom4u.cz\/wp-content\/uploads\/2018\/09\/36437229_10209417871083070_5063875250685476864_o-1024x768.jpg\" alt=\"\" width=\"256\" height=\"192\"\/><\/figure>\n\n\n\n<p><a href=\"https:\/\/www.v-strom4u.cz\/wp-content\/uploads\/2018\/09\/36437229_10209417871083070_5063875250685476864_o.jpg\"><\/a><\/p>\n\n\n\n<figure class=\"wp-block-image is-resized\"><img loading=\"lazy\" src=\"https:\/\/www.v-strom4u.cz\/wp-content\/uploads\/2018\/09\/36433952_10209417871843089_1835826127919120384_n.jpg\" alt=\"\" width=\"180\" height=\"240\"\/><\/figure>\n\n\n\n<p><a href=\"https:\/\/www.v-strom4u.cz\/wp-content\/uploads\/2018\/09\/36433952_10209417871843089_1835826127919120384_n.jpg\"><\/a><\/p>\n\n\n\n<figure class=\"wp-block-image is-resized\"><img loading=\"lazy\" src=\"https:\/\/www.v-strom4u.cz\/wp-content\/uploads\/2018\/09\/36366284_10209417873163122_2125563466361077760_o-1024x768.jpg\" alt=\"\" width=\"256\" height=\"192\"\/><\/figure>\n\n\n\n<p><a href=\"https:\/\/www.v-strom4u.cz\/wp-content\/uploads\/2018\/09\/36366284_10209417873163122_2125563466361077760_o.jpg\"><\/a><\/p>\n\n\n\n<hr class=\"wp-block-separator\"\/>\n\n\n\n<p><strong>29.6.2018 p\u00e1tek<\/strong><\/p>\n\n\n\n<p>Rann\u00ed k\u00e1va a sn\u00eddan\u011b, nased\u00e1me p\u0159i stoupaj\u00edc\u00edm slun\u00ed\u010dku a jedeme sm\u011br Dunajsk\u00e1 Streda \u2013 Senec \u2013 Pezinok \u2013 Pezinsk\u00e1 baba \u2013 Pernek \u2013 Malacky \u2013 Velk\u00e9 B\u00edlovice \u2013 \u010cejkovice \u2013 \u010cej\u010d \u2013 \u017dd\u00e1nice \u2013 Bu\u010dovice \u2013 Vy\u0161kov \u2013 PROST\u011aJOV !!! Doj\u00ed\u017ed\u00edme asi ve 12:15 dom\u016f,&nbsp;zdrav\u00ed a pln\u00ed z\u00e1\u017eitk\u016f&nbsp;<\/p>\n\n\n\n<p>Kr\u00e1my dom\u016f, motorka do gar\u00e1\u017ee\u2026.Honza tam m\u00e1 u\u017e polorozd\u011blanou svoji KTM, kde mu n\u011bjak nedr\u017e\u00ed r\u00e1mov\u00fd oblouk pod topcase \u2013 mus\u00ed ho srovnat a vyztu\u017eit.&nbsp; Nech\u00e1v\u00e1m ka\u010denku s brambor\u00e1\u010dkem v gar\u00e1\u017ei, pod\u011bkuji za v\u00fddr\u017e a na kole ma\u017eu dom\u016f do sprchy.<\/p>\n\n\n\n<figure class=\"wp-block-image is-resized\"><img loading=\"lazy\" src=\"https:\/\/www.v-strom4u.cz\/wp-content\/uploads\/2018\/09\/36355174_10209417874523156_5910624221981048832_o-1024x768.jpg\" alt=\"\" width=\"256\" height=\"192\"\/><\/figure>\n\n\n\n<p><a href=\"https:\/\/www.v-strom4u.cz\/wp-content\/uploads\/2018\/09\/36355174_10209417874523156_5910624221981048832_o.jpg\"><\/a><\/p>\n\n\n\n<hr class=\"wp-block-separator\"\/>\n\n\n\n<p>Shrnut\u00ed:<\/p>\n\n\n\n<ul><li>rumun\u0161t\u00ed \u0159idi\u010di ochotn\u011b a pravideln\u011b uh\u00fdbaj\u00ed motork\u00e1m, p\u0159\u00edpadn\u011b i p\u0159ibrzd\u00ed u kraje<\/li><li>obvykl\u00e1 rychlost v obci 70kmh, mimo obec \u201eco to d\u00e1\u201c v kombinaci \u201ena kolik si troufne\u0161\u201c&nbsp;<img alt=\"\ud83d\ude42\" src=\"https:\/\/s.w.org\/images\/core\/emoji\/13.1.0\/svg\/1f642.svg\" style=\"width: 30px;\">&nbsp;. Policajty jsme potkali za celou cestu 3x<\/li><li>j\u00eddeln\u00ed\u010dek v rumunsk\u00fdch hospod\u00e1ch byl skoro jak p\u0159es kop\u00edr\u00e1k, \u017e\u00e1dn\u00e1 velk\u00e1 n\u00e1paditost, ale zato jsme \u0161li skoro na jistotu kdekoliv a bylo to chutn\u00e9<\/li><li>Rumunsko je pln\u00e9 kontrast\u016f \u2013 bohat\u00e1 modern\u00ed m\u011bsta a vedlej\u0161\u00ed vesnice s rouben\u00fdmi domky. Ve vesnici d\u0159ev\u011bn\u00fd hl\u00ednou olepen\u00fd domek a vedle n\u011bj dvoupatrov\u00e1 novostavba. Bavor\u00e1k posledn\u00ed modelov\u00e1 \u0159ada a p\u0159ed n\u00edm povoz ta\u017een\u00fd vychrtl\u00fdm kon\u011bm. Netu\u0161\u00edm, jak z\u00edsk\u00e1vaj\u00ed pen\u00edze ti, co bydl\u00ed mimo m\u011bsto \u2013 obchod, hospoda, kostel, n\u011bkdy kamenolom nebo pila, jinak v\u016fbec NIC<\/li><li>kolem silnic plno zv\u00ed\u0159at, leckdy zcela voln\u011b \u2013 ovce, kozy, kr\u00e1vy a v\u0161udyp\u0159\u00edtomn\u00ed psi, co cht\u011bj\u00ed z\u00e1vodit a trhat nohavice<\/li><li>plno d\u011bt\u00ed, \u010dasto \u0161pinav\u00fdch nebo bos\u00fdch, ale usm\u011bvav\u00fdch a m\u00e1vaj\u00edc\u00edch na proj\u00ed\u017ed\u011bj\u00edc\u00ed motorky&nbsp;<img alt=\"\ud83d\ude42\" src=\"https:\/\/s.w.org\/images\/core\/emoji\/13.1.0\/svg\/1f642.svg\" style=\"width: 10px;\"><\/li><li>neuv\u011b\u0159iteln\u00e9 mno\u017estv\u00ed kostel\u016f i nov\u011b budovan\u00fdch z betonu, mno\u017estv\u00ed kl\u00e1\u0161ter\u016f<\/li><li>v\u0161echny mo\u017en\u00e9 i nemo\u017en\u00e9 kvality silnic \u2013 v kopc\u00edch nen\u00ed probl\u00e9m, aby se 10x na 2km \u00faseku vyst\u0159\u00eddal nov\u00fd asfalt, star\u00fd asfalt a tankodrom \u2013 lav\u00f3ry pln\u00e9 bl\u00e1ta s nezn\u00e1mou hloubkou<\/li><li>vl\u00eddn\u00ed lid\u00e9, kte\u0159\u00ed r\u00e1di komunikuj\u00ed a jsou ochotni poradit a pomoci<\/li><li>kr\u00e1sn\u00e1 p\u0159\u00edroda pln\u00e1 kontrast\u016f<\/li><li>cena j\u00eddla i paliva srovnateln\u00e1, nebo i m\u00edrn\u011b levn\u011bj\u0161\u00ed<\/li><\/ul>\n\n\n\n<p>9 dn\u00ed na cest\u00e1ch\u2026<br>8 chlap\u016f na sv\u00fdch stroj\u00edch<br>cca 3000km<\/p>\n\n\n\n<p>D\u00edky v\u0161em (abecedn\u011b):<\/p>\n\n\n\n<p><a href=\"https:\/\/www.facebook.com\/jan.m.kocourek?hc_location=ufi\">Jan Micinka Kocourek<\/a>&nbsp;\u2013 KTM990 Adventure<br><a href=\"https:\/\/www.facebook.com\/jiri.drabek.1238?hc_location=ufi\">Ji\u0159\u00ed Dr\u00e1bek<\/a>&nbsp;BMW R1200GS-LC Adventure<br><a href=\"https:\/\/www.facebook.com\/olda.kyllar?hc_location=ufi\">Olda Kyllar<\/a>&nbsp;BMW R1200GS (frajer, co m\u00e1 73 let a l\u00edt\u00e1 jak \u010f\u00e1bel&nbsp;<img alt=\"\ud83d\ude42\" src=\"https:\/\/s.w.org\/images\/core\/emoji\/13.1.0\/svg\/1f642.svg\" style=\"width: 1px;\">&nbsp;)<\/p>\n\n\n\n<p><a href=\"https:\/\/www.facebook.com\/pavel.kocourek.52\">Pavel Catman Kocourek<\/a>&nbsp;&nbsp;BMW R1200GS Adventure<br><a href=\"https:\/\/www.facebook.com\/petr.jergl.9?hc_location=ufi\">Petr Jergl<\/a>&nbsp;Honda CBF1000<br><a href=\"https:\/\/www.facebook.com\/rudolf.chytil.7?hc_location=ufi\">Rudolf Chytil<\/a>&nbsp;BMW R1200GS<br><a href=\"https:\/\/www.facebook.com\/jepta?hc_location=ufi\">Tom\u00e1\u0161 Jepta Holinka<\/a>&nbsp;KTM 690<br><a href=\"https:\/\/www.facebook.com\/martin.holek.90?hc_location=ufi\">Martin Holek<\/a>&nbsp;BMW R1200GS-LC (5 dn\u00ed s n\u00e1mi)<\/p>\n\n\n\n<p>Bylo to prima, i kdy\u017e po\u010das\u00ed mohlo b\u00fdt lep\u0161\u00ed&nbsp;<\/p>\n\n\n\n<hr class=\"wp-block-separator\"\/>\n\n\n\n<p>Drobn\u00e1 noticka na z\u00e1v\u011br (ps\u00e1no p\u0159i p\u0159episu cestopisu z&nbsp;FB do \u010dl\u00e1nku na web) \u2013 po n\u00e1vratu jsem si v&nbsp;p\u00e1tek 13.7. p\u0159i motonehod\u011b p\u0159ivodil zlomeniny obou rukou, pobyl ve \u0161pit\u00e1le, kde m\u011b nav\u0161t\u00edvil akor\u00e1t syn Honza a Tom\u00e1\u0161 Holinka. Do 20.9. moji cestovn\u00ed par\u0165\u00e1ci nena\u0161li ani p\u00e1r minut, aby se zastavili na p\u00e1r slov, nebo alespo\u0148 zavolali.&nbsp;&nbsp;. Zato k\u00e1mo\u0161i z&nbsp;V-strom party dojeli z&nbsp;Hrabyn\u011b (David s&nbsp;M\u00e1jou), z&nbsp;Opavy (Luk\u00e1\u0161), z&nbsp;Brna (Jura), Blanska a Boskovic (Leo\u0161 a Petr) a z&nbsp;Prahy (Zuzka). D\u00edky v\u00e1m, kamar\u00e1di, hodn\u011b jste mi zvedli n\u00e1ladu a povzbudili v&nbsp;tom tr\u00e1pen\u00ed bez \u0159\u00edd\u00edtek &nbsp;(y)<\/p>\n","protected":false},"excerpt":{"rendered":"<p>Prvn\u00ed \u010d\u00e1st cestopisu\u00a0je zde 24.6.2018&nbsp; ned\u011ble Vst\u00e1vat a cvi\u010dit\u2026proto\u017ee je r\u00e1no\u2026kr\u00e1sn\u00e9 slune\u010dn\u00e9 ned\u011bln\u00ed r\u00e1no. S Petrem va\u0159\u00edme kaf\u010do na pokoji<\/p>\n","protected":false},"author":1,"featured_media":0,"comment_status":"open","ping_status":"open","sticky":false,"template":"","format":"standard","meta":[],"categories":[4],"tags":[],"_links":{"self":[{"href":"http:\/\/www.catman.info\/index.php?rest_route=\/wp\/v2\/posts\/93"}],"collection":[{"href":"http:\/\/www.catman.info\/index.php?rest_route=\/wp\/v2\/posts"}],"about":[{"href":"http:\/\/www.catman.info\/index.php?rest_route=\/wp\/v2\/types\/post"}],"author":[{"embeddable":true,"href":"http:\/\/www.catman.info\/index.php?rest_route=\/wp\/v2\/users\/1"}],"replies":[{"embeddable":true,"href":"http:\/\/www.catman.info\/index.php?rest_route=%2Fwp%2Fv2%2Fcomments&post=93"}],"version-history":[{"count":3,"href":"http:\/\/www.catman.info\/index.php?rest_route=\/wp\/v2\/posts\/93\/revisions"}],"predecessor-version":[{"id":96,"href":"http:\/\/www.catman.info\/index.php?rest_route=\/wp\/v2\/posts\/93\/revisions\/96"}],"wp:attachment":[{"href":"http:\/\/www.catman.info\/index.php?rest_route=%2Fwp%2Fv2%2Fmedia&parent=93"}],"wp:term":[{"taxonomy":"category","embeddable":true,"href":"http:\/\/www.catman.info\/index.php?rest_route=%2Fwp%2Fv2%2Fcategories&post=93"},{"taxonomy":"post_tag","embeddable":true,"href":"http:\/\/www.catman.info\/index.php?rest_route=%2Fwp%2Fv2%2Ftags&post=93"}],"curies":[{"name":"wp","href":"https:\/\/api.w.org\/{rel}","templated":true}]}}